{"id":934,"date":"2022-09-15T17:43:26","date_gmt":"2022-09-15T15:43:26","guid":{"rendered":"https:\/\/aulanosa.es\/?p=934"},"modified":"2022-09-16T14:27:44","modified_gmt":"2022-09-16T12:27:44","slug":"graduado-en-educacion-secundaria-para-adultos-esa","status":"publish","type":"post","link":"https:\/\/aulanosa.es\/index.php\/2022\/09\/15\/graduado-en-educacion-secundaria-para-adultos-esa\/","title":{"rendered":"GRADUADO EN EDUCACI\u00d3N SECUNDARIA PARA ADULTOS (ESA)"},"content":{"rendered":"\n<p>CPR Aula Nosa imparte el Graduado en Educaci\u00f3n Secundaria para Adultos (ESA), en horario de 9:20 a 13:00 de lunes a viernes.  <\/p>\n\n\n\n<p>Los m\u00f3dulos impartidos son los siguientes:  <\/p>\n\n\n\n<ul><li>\u00c1MBITO CIENT\u00cdFICO-TECNOL\u00d3GICO <\/li><li>\u00c1MBITO SOCIAL<\/li><li>\u00c1MBITO DE COMUNICACI\u00d3N<\/li><\/ul>\n\n\n\n<p><strong>Si est\u00e1s interesado en sacarte el graduado  escolar, <\/strong>contacta con el Centro Municipal de Empleo de los Rosales. <\/p>\n\n\n\n<figure class=\"wp-block-table\"><table><tbody><tr><td class=\"has-text-align-center\" data-align=\"center\"><strong>DATOS DE CONTACTO<\/strong><\/td><\/tr><tr><td class=\"has-text-align-center\" data-align=\"center\">Centro Municipal de Empleo (Los Rosales), calle de Los Fuentes &#8211; Monte de San Pedro n\u00ba 16, 15011 A Coru\u00f1a<\/td><\/tr><tr><td class=\"has-text-align-center\" data-align=\"center\">981184399<\/td><\/tr><tr><td class=\"has-text-align-center\" data-align=\"center\">www.coruna.gal\/emprego<\/td><\/tr><\/tbody><\/table><\/figure>\n\n\n\n<div class=\"wp-block-image\"><figure class=\"aligncenter size-large is-resized\"><img fetchpriority=\"high\" decoding=\"async\" src=\"https:\/\/aulanosa.es\/wp-content\/uploads\/2022\/09\/Recurso-5-1.png\" alt=\"\" class=\"wp-image-940\" width=\"576\" height=\"135\" srcset=\"https:\/\/aulanosa.es\/wp-content\/uploads\/2022\/09\/Recurso-5-1.png 726w, https:\/\/aulanosa.es\/wp-content\/uploads\/2022\/09\/Recurso-5-1-300x71.png 300w\" sizes=\"(max-width: 576px) 100vw, 576px\" \/><\/figure><\/div>\n","protected":false},"excerpt":{"rendered":"<p>CPR Aula Nosa imparte el Graduado en Educaci\u00f3n Secundaria para Adultos (ESA), en horario de 9:20 a 13:00 de lunes a viernes. Los m\u00f3dulos impartidos son los siguientes: \u00c1MBITO CIENT\u00cdFICO-TECNOL\u00d3GICO \u00c1MBITO SOCIAL \u00c1MBITO DE COMUNICACI\u00d3N Si est\u00e1s interesado en sacarte el graduado escolar, contacta con el Centro Municipal de Empleo de los Rosales. DATOS DE [&hellip;]<\/p>\n","protected":false},"author":1,"featured_media":0,"comment_status":"closed","ping_status":"closed","sticky":false,"template":"","format":"standard","meta":{"footnotes":""},"categories":[1],"tags":[],"yoast_head":"<!-- This site is optimized with the Yoast SEO plugin v21.6 - https:\/\/yoast.com\/wordpress\/plugins\/seo\/ -->\n<title>GRADUADO EN EDUCACI\u00d3N SECUNDARIA PARA ADULTOS (ESA) - CPR Aula Nosa<\/title>\n<meta name=\"robots\" content=\"index, follow, max-snippet:-1, max-image-preview:large, max-video-preview:-1\" \/>\n<link rel=\"canonical\" href=\"https:\/\/aulanosa.es\/index.php\/2022\/09\/15\/graduado-en-educacion-secundaria-para-adultos-esa\/\" \/>\n<meta property=\"og:locale\" content=\"es_ES\" \/>\n<meta property=\"og:type\" content=\"article\" \/>\n<meta property=\"og:title\" content=\"GRADUADO EN EDUCACI\u00d3N SECUNDARIA PARA ADULTOS (ESA) - CPR Aula Nosa\" \/>\n<meta property=\"og:description\" content=\"CPR Aula Nosa imparte el Graduado en Educaci\u00f3n Secundaria para Adultos (ESA), en horario de 9:20 a 13:00 de lunes a viernes. Los m\u00f3dulos impartidos son los siguientes: \u00c1MBITO CIENT\u00cdFICO-TECNOL\u00d3GICO \u00c1MBITO SOCIAL \u00c1MBITO DE COMUNICACI\u00d3N Si est\u00e1s interesado en sacarte el graduado escolar, contacta con el Centro Municipal de Empleo de los Rosales. DATOS DE [&hellip;]\" \/>\n<meta property=\"og:url\" content=\"https:\/\/aulanosa.es\/index.php\/2022\/09\/15\/graduado-en-educacion-secundaria-para-adultos-esa\/\" \/>\n<meta property=\"og:site_name\" content=\"CPR Aula Nosa\" \/>\n<meta property=\"article:published_time\" content=\"2022-09-15T15:43:26+00:00\" \/>\n<meta property=\"article:modified_time\" content=\"2022-09-16T12:27:44+00:00\" \/>\n<meta property=\"og:image\" content=\"https:\/\/aulanosa.es\/wp-content\/uploads\/2022\/09\/Recurso-5-1.png\" \/>\n<meta name=\"author\" content=\"aulanosa\" \/>\n<meta name=\"twitter:card\" content=\"summary_large_image\" \/>\n<meta name=\"twitter:label1\" content=\"Escrito por\" \/>\n\t<meta name=\"twitter:data1\" content=\"aulanosa\" \/>\n<script type=\"application\/ld+json\" class=\"yoast-schema-graph\">{\"@context\":\"https:\/\/schema.org\",\"@graph\":[{\"@type\":\"Article\",\"@id\":\"https:\/\/aulanosa.es\/index.php\/2022\/09\/15\/graduado-en-educacion-secundaria-para-adultos-esa\/#article\",\"isPartOf\":{\"@id\":\"https:\/\/aulanosa.es\/index.php\/2022\/09\/15\/graduado-en-educacion-secundaria-para-adultos-esa\/\"},\"author\":{\"name\":\"aulanosa\",\"@id\":\"https:\/\/aulanosa.es\/#\/schema\/person\/160166a414b80a003e5de66bef76937a\"},\"headline\":\"GRADUADO EN EDUCACI\u00d3N SECUNDARIA PARA ADULTOS (ESA)\",\"datePublished\":\"2022-09-15T15:43:26+00:00\",\"dateModified\":\"2022-09-16T12:27:44+00:00\",\"mainEntityOfPage\":{\"@id\":\"https:\/\/aulanosa.es\/index.php\/2022\/09\/15\/graduado-en-educacion-secundaria-para-adultos-esa\/\"},\"wordCount\":91,\"publisher\":{\"@id\":\"https:\/\/aulanosa.es\/#organization\"},\"inLanguage\":\"es\"},{\"@type\":\"WebPage\",\"@id\":\"https:\/\/aulanosa.es\/index.php\/2022\/09\/15\/graduado-en-educacion-secundaria-para-adultos-esa\/\",\"url\":\"https:\/\/aulanosa.es\/index.php\/2022\/09\/15\/graduado-en-educacion-secundaria-para-adultos-esa\/\",\"name\":\"GRADUADO EN EDUCACI\u00d3N SECUNDARIA PARA ADULTOS (ESA) - CPR Aula Nosa\",\"isPartOf\":{\"@id\":\"https:\/\/aulanosa.es\/#website\"},\"datePublished\":\"2022-09-15T15:43:26+00:00\",\"dateModified\":\"2022-09-16T12:27:44+00:00\",\"breadcrumb\":{\"@id\":\"https:\/\/aulanosa.es\/index.php\/2022\/09\/15\/graduado-en-educacion-secundaria-para-adultos-esa\/#breadcrumb\"},\"inLanguage\":\"es\",\"potentialAction\":[{\"@type\":\"ReadAction\",\"target\":[\"https:\/\/aulanosa.es\/index.php\/2022\/09\/15\/graduado-en-educacion-secundaria-para-adultos-esa\/\"]}]},{\"@type\":\"BreadcrumbList\",\"@id\":\"https:\/\/aulanosa.es\/index.php\/2022\/09\/15\/graduado-en-educacion-secundaria-para-adultos-esa\/#breadcrumb\",\"itemListElement\":[{\"@type\":\"ListItem\",\"position\":1,\"name\":\"Portada\",\"item\":\"https:\/\/aulanosa.es\/\"},{\"@type\":\"ListItem\",\"position\":2,\"name\":\"GRADUADO EN EDUCACI\u00d3N SECUNDARIA PARA ADULTOS (ESA)\"}]},{\"@type\":\"WebSite\",\"@id\":\"https:\/\/aulanosa.es\/#website\",\"url\":\"https:\/\/aulanosa.es\/\",\"name\":\"CPR Aula Nosa\",\"description\":\"Centro de estudios privado - concertado\",\"publisher\":{\"@id\":\"https:\/\/aulanosa.es\/#organization\"},\"potentialAction\":[{\"@type\":\"SearchAction\",\"target\":{\"@type\":\"EntryPoint\",\"urlTemplate\":\"https:\/\/aulanosa.es\/?s={search_term_string}\"},\"query-input\":\"required name=search_term_string\"}],\"inLanguage\":\"es\"},{\"@type\":\"Organization\",\"@id\":\"https:\/\/aulanosa.es\/#organization\",\"name\":\"CPR Aula Nosa\",\"url\":\"https:\/\/aulanosa.es\/\",\"logo\":{\"@type\":\"ImageObject\",\"inLanguage\":\"es\",\"@id\":\"https:\/\/aulanosa.es\/#\/schema\/logo\/image\/\",\"url\":\"https:\/\/aulanosa.es\/wp-content\/uploads\/2023\/12\/cropped-LOGOAN4-1.png\",\"contentUrl\":\"https:\/\/aulanosa.es\/wp-content\/uploads\/2023\/12\/cropped-LOGOAN4-1.png\",\"width\":141,\"height\":90,\"caption\":\"CPR Aula Nosa\"},\"image\":{\"@id\":\"https:\/\/aulanosa.es\/#\/schema\/logo\/image\/\"}},{\"@type\":\"Person\",\"@id\":\"https:\/\/aulanosa.es\/#\/schema\/person\/160166a414b80a003e5de66bef76937a\",\"name\":\"aulanosa\",\"image\":{\"@type\":\"ImageObject\",\"inLanguage\":\"es\",\"@id\":\"https:\/\/aulanosa.es\/#\/schema\/person\/image\/\",\"url\":\"https:\/\/secure.gravatar.com\/avatar\/ca8827ab9b4732010eb2ab09aba62d47?s=96&d=mm&r=g\",\"contentUrl\":\"https:\/\/secure.gravatar.com\/avatar\/ca8827ab9b4732010eb2ab09aba62d47?s=96&d=mm&r=g\",\"caption\":\"aulanosa\"},\"url\":\"https:\/\/aulanosa.es\/index.php\/author\/aulanosa\/\"}]}<\/script>\n<!-- \/ Yoast SEO plugin. -->","yoast_head_json":{"title":"GRADUADO EN EDUCACI\u00d3N SECUNDARIA PARA ADULTOS (ESA) - CPR Aula Nosa","robots":{"index":"index","follow":"follow","max-snippet":"max-snippet:-1","max-image-preview":"max-image-preview:large","max-video-preview":"max-video-preview:-1"},"canonical":"https:\/\/aulanosa.es\/index.php\/2022\/09\/15\/graduado-en-educacion-secundaria-para-adultos-esa\/","og_locale":"es_ES","og_type":"article","og_title":"GRADUADO EN EDUCACI\u00d3N SECUNDARIA PARA ADULTOS (ESA) - CPR Aula Nosa","og_description":"CPR Aula Nosa imparte el Graduado en Educaci\u00f3n Secundaria para Adultos (ESA), en horario de 9:20 a 13:00 de lunes a viernes. Los m\u00f3dulos impartidos son los siguientes: \u00c1MBITO CIENT\u00cdFICO-TECNOL\u00d3GICO \u00c1MBITO SOCIAL \u00c1MBITO DE COMUNICACI\u00d3N Si est\u00e1s interesado en sacarte el graduado escolar, contacta con el Centro Municipal de Empleo de los Rosales. DATOS DE [&hellip;]","og_url":"https:\/\/aulanosa.es\/index.php\/2022\/09\/15\/graduado-en-educacion-secundaria-para-adultos-esa\/","og_site_name":"CPR Aula Nosa","article_published_time":"2022-09-15T15:43:26+00:00","article_modified_time":"2022-09-16T12:27:44+00:00","og_image":[{"url":"https:\/\/aulanosa.es\/wp-content\/uploads\/2022\/09\/Recurso-5-1.png"}],"author":"aulanosa","twitter_card":"summary_large_image","twitter_misc":{"Escrito por":"aulanosa"},"schema":{"@context":"https:\/\/schema.org","@graph":[{"@type":"Article","@id":"https:\/\/aulanosa.es\/index.php\/2022\/09\/15\/graduado-en-educacion-secundaria-para-adultos-esa\/#article","isPartOf":{"@id":"https:\/\/aulanosa.es\/index.php\/2022\/09\/15\/graduado-en-educacion-secundaria-para-adultos-esa\/"},"author":{"name":"aulanosa","@id":"https:\/\/aulanosa.es\/#\/schema\/person\/160166a414b80a003e5de66bef76937a"},"headline":"GRADUADO EN EDUCACI\u00d3N SECUNDARIA PARA ADULTOS (ESA)","datePublished":"2022-09-15T15:43:26+00:00","dateModified":"2022-09-16T12:27:44+00:00","mainEntityOfPage":{"@id":"https:\/\/aulanosa.es\/index.php\/2022\/09\/15\/graduado-en-educacion-secundaria-para-adultos-esa\/"},"wordCount":91,"publisher":{"@id":"https:\/\/aulanosa.es\/#organization"},"inLanguage":"es"},{"@type":"WebPage","@id":"https:\/\/aulanosa.es\/index.php\/2022\/09\/15\/graduado-en-educacion-secundaria-para-adultos-esa\/","url":"https:\/\/aulanosa.es\/index.php\/2022\/09\/15\/graduado-en-educacion-secundaria-para-adultos-esa\/","name":"GRADUADO EN EDUCACI\u00d3N SECUNDARIA PARA ADULTOS (ESA) - CPR Aula Nosa","isPartOf":{"@id":"https:\/\/aulanosa.es\/#website"},"datePublished":"2022-09-15T15:43:26+00:00","dateModified":"2022-09-16T12:27:44+00:00","breadcrumb":{"@id":"https:\/\/aulanosa.es\/index.php\/2022\/09\/15\/graduado-en-educacion-secundaria-para-adultos-esa\/#breadcrumb"},"inLanguage":"es","potentialAction":[{"@type":"ReadAction","target":["https:\/\/aulanosa.es\/index.php\/2022\/09\/15\/graduado-en-educacion-secundaria-para-adultos-esa\/"]}]},{"@type":"BreadcrumbList","@id":"https:\/\/aulanosa.es\/index.php\/2022\/09\/15\/graduado-en-educacion-secundaria-para-adultos-esa\/#breadcrumb","itemListElement":[{"@type":"ListItem","position":1,"name":"Portada","item":"https:\/\/aulanosa.es\/"},{"@type":"ListItem","position":2,"name":"GRADUADO EN EDUCACI\u00d3N SECUNDARIA PARA ADULTOS (ESA)"}]},{"@type":"WebSite","@id":"https:\/\/aulanosa.es\/#website","url":"https:\/\/aulanosa.es\/","name":"CPR Aula Nosa","description":"Centro de estudios privado - concertado","publisher":{"@id":"https:\/\/aulanosa.es\/#organization"},"potentialAction":[{"@type":"SearchAction","target":{"@type":"EntryPoint","urlTemplate":"https:\/\/aulanosa.es\/?s={search_term_string}"},"query-input":"required name=search_term_string"}],"inLanguage":"es"},{"@type":"Organization","@id":"https:\/\/aulanosa.es\/#organization","name":"CPR Aula Nosa","url":"https:\/\/aulanosa.es\/","logo":{"@type":"ImageObject","inLanguage":"es","@id":"https:\/\/aulanosa.es\/#\/schema\/logo\/image\/","url":"https:\/\/aulanosa.es\/wp-content\/uploads\/2023\/12\/cropped-LOGOAN4-1.png","contentUrl":"https:\/\/aulanosa.es\/wp-content\/uploads\/2023\/12\/cropped-LOGOAN4-1.png","width":141,"height":90,"caption":"CPR Aula Nosa"},"image":{"@id":"https:\/\/aulanosa.es\/#\/schema\/logo\/image\/"}},{"@type":"Person","@id":"https:\/\/aulanosa.es\/#\/schema\/person\/160166a414b80a003e5de66bef76937a","name":"aulanosa","image":{"@type":"ImageObject","inLanguage":"es","@id":"https:\/\/aulanosa.es\/#\/schema\/person\/image\/","url":"https:\/\/secure.gravatar.com\/avatar\/ca8827ab9b4732010eb2ab09aba62d47?s=96&d=mm&r=g","contentUrl":"https:\/\/secure.gravatar.com\/avatar\/ca8827ab9b4732010eb2ab09aba62d47?s=96&d=mm&r=g","caption":"aulanosa"},"url":"https:\/\/aulanosa.es\/index.php\/author\/aulanosa\/"}]}},"_links":{"self":[{"href":"https:\/\/aulanosa.es\/index.php\/wp-json\/wp\/v2\/posts\/934"}],"collection":[{"href":"https:\/\/aulanosa.es\/index.php\/wp-json\/wp\/v2\/posts"}],"about":[{"href":"https:\/\/aulanosa.es\/index.php\/wp-json\/wp\/v2\/types\/post"}],"author":[{"embeddable":true,"href":"https:\/\/aulanosa.es\/index.php\/wp-json\/wp\/v2\/users\/1"}],"replies":[{"embeddable":true,"href":"https:\/\/aulanosa.es\/index.php\/wp-json\/wp\/v2\/comments?post=934"}],"version-history":[{"count":6,"href":"https:\/\/aulanosa.es\/index.php\/wp-json\/wp\/v2\/posts\/934\/revisions"}],"predecessor-version":[{"id":943,"href":"https:\/\/aulanosa.es\/index.php\/wp-json\/wp\/v2\/posts\/934\/revisions\/943"}],"wp:attachment":[{"href":"https:\/\/aulanosa.es\/index.php\/wp-json\/wp\/v2\/media?parent=934"}],"wp:term":[{"taxonomy":"category","embeddable":true,"href":"https:\/\/aulanosa.es\/index.php\/wp-json\/wp\/v2\/categories?post=934"},{"taxonomy":"post_tag","embeddable":true,"href":"https:\/\/aulanosa.es\/index.php\/wp-json\/wp\/v2\/tags?post=934"}],"curies":[{"name":"wp","href":"https:\/\/api.w.org\/{rel}","templated":true}]}}